{"id":611,"date":"2024-04-03T14:40:53","date_gmt":"2024-04-03T14:40:53","guid":{"rendered":"https:\/\/opera.krescendo.it\/?p=611"},"modified":"2025-11-18T08:02:35","modified_gmt":"2025-11-18T08:02:35","slug":"yellow-expo-days-2024","status":"publish","type":"post","link":"https:\/\/www.opera-access.it\/fr\/yellow-expo-days-2024\/","title":{"rendered":"Journ\u00e9es de l'Expo jaune 2024"},"content":{"rendered":"<div data-elementor-type=\"wp-post\" data-elementor-id=\"611\" class=\"elementor elementor-611\" data-elementor-post-type=\"post\">\n\t\t\t\t<div class=\"elementor-element elementor-element-37a9badc e-flex e-con-boxed e-con e-parent\" data-id=\"37a9badc\" data-element_type=\"container\">\n\t\t\t\t\t<div class=\"e-con-inner\">\n\t\t\t\t<div class=\"elementor-element elementor-element-93c99e6 elementor-widget elementor-widget-text-editor\" data-id=\"93c99e6\" data-element_type=\"widget\" data-widget_type=\"text-editor.default\">\n\t\t\t\t<div class=\"elementor-widget-container\">\n\t\t\t<style>\/*! elementor - v3.21.0 - 26-05-2024 *\/\n.elementor-widget-text-editor.elementor-drop-cap-view-stacked .elementor-drop-cap{background-color:#69727d;color:#fff}.elementor-widget-text-editor.elementor-drop-cap-view-framed .elementor-drop-cap{color:#69727d;border:3px solid;background-color:transparent}.elementor-widget-text-editor:not(.elementor-drop-cap-view-default) .elementor-drop-cap{margin-top:8px}.elementor-widget-text-editor:not(.elementor-drop-cap-view-default) .elementor-drop-cap-letter{width:1em;height:1em}.elementor-widget-text-editor .elementor-drop-cap{float:left;text-align:center;line-height:1;font-size:50px}.elementor-widget-text-editor .elementor-drop-cap-letter{display:inline-block}<\/style>\t\t\t\t<p>Du 11 au 13 avril \u00e0 la Fiera di Vicenza - Hall 7.<\/p>\t\t\t\t\t\t<\/div>\n\t\t\t\t<\/div>\n\t\t\t\t<div class=\"elementor-element elementor-element-6c0e5f9a elementor-widget elementor-widget-text-editor\" data-id=\"6c0e5f9a\" data-element_type=\"widget\" data-widget_type=\"text-editor.default\">\n\t\t\t\t<div class=\"elementor-widget-container\">\n\t\t\t\t\t\t\t<p>YED, qui signifie Yellow Expo Days, est le salon biennal des professionnels de la fen\u00eatre et de la porte. L'\u00e9v\u00e9nement est devenu une r\u00e9f\u00e9rence repr\u00e9sentant l'ensemble de la quincaillerie et des accessoires pour portes et fen\u00eatres, les syst\u00e8mes d'ombrage, de protection et de s\u00e9curit\u00e9, l'enveloppe du b\u00e2timent et l'ombrage sur la sc\u00e8ne nationale.<\/p><p>Les poseurs de fen\u00eatres et de portes, les installateurs, les distributeurs, les constructeurs, les architectes et les concepteurs peuvent se rapprocher des acteurs du march\u00e9 en englobant l'ensemble de la cha\u00eene de production dans un seul contexte, depuis les outils de transformation des fen\u00eatres et des portes jusqu'aux produits finis les plus innovants, gr\u00e2ce \u00e0 la contribution de la quincaillerie, des composants, de la technologie, des accessoires et des produits de fixation et de s\u00e9curit\u00e9.<\/p>\t\t\t\t\t\t<\/div>\n\t\t\t\t<\/div>\n\t\t\t\t\t<\/div>\n\t\t\t\t<\/div>\n\t\t\t\t<\/div>","protected":false},"excerpt":{"rendered":"<p>Nous nous r\u00e9jouissons de vous voir au salon YED !<br \/>\nDu 11 au 13 avril, de 9h \u00e0 17h30<\/p>","protected":false},"author":1,"featured_media":614,"comment_status":"closed","ping_status":"open","sticky":false,"template":"","format":"standard","meta":{"_acf_changed":false,"inline_featured_image":false,"footnotes":""},"categories":[6],"tags":[],"class_list":["post-611","post","type-post","status-publish","format-standard","has-post-thumbnail","hentry","category-eventi-e-fiere"],"acf":[],"aioseo_notices":[],"_links":{"self":[{"href":"https:\/\/www.opera-access.it\/fr\/wp-json\/wp\/v2\/posts\/611","targetHints":{"allow":["GET"]}}],"collection":[{"href":"https:\/\/www.opera-access.it\/fr\/wp-json\/wp\/v2\/posts"}],"about":[{"href":"https:\/\/www.opera-access.it\/fr\/wp-json\/wp\/v2\/types\/post"}],"author":[{"embeddable":true,"href":"https:\/\/www.opera-access.it\/fr\/wp-json\/wp\/v2\/users\/1"}],"replies":[{"embeddable":true,"href":"https:\/\/www.opera-access.it\/fr\/wp-json\/wp\/v2\/comments?post=611"}],"version-history":[{"count":4,"href":"https:\/\/www.opera-access.it\/fr\/wp-json\/wp\/v2\/posts\/611\/revisions"}],"predecessor-version":[{"id":617,"href":"https:\/\/www.opera-access.it\/fr\/wp-json\/wp\/v2\/posts\/611\/revisions\/617"}],"wp:featuredmedia":[{"embeddable":true,"href":"https:\/\/www.opera-access.it\/fr\/wp-json\/wp\/v2\/media\/614"}],"wp:attachment":[{"href":"https:\/\/www.opera-access.it\/fr\/wp-json\/wp\/v2\/media?parent=611"}],"wp:term":[{"taxonomy":"category","embeddable":true,"href":"https:\/\/www.opera-access.it\/fr\/wp-json\/wp\/v2\/categories?post=611"},{"taxonomy":"post_tag","embeddable":true,"href":"https:\/\/www.opera-access.it\/fr\/wp-json\/wp\/v2\/tags?post=611"}],"curies":[{"name":"wp","href":"https:\/\/api.w.org\/{rel}","templated":true}]}}