{"id":611,"date":"2024-04-03T14:40:53","date_gmt":"2024-04-03T14:40:53","guid":{"rendered":"https:\/\/opera.krescendo.it\/?p=611"},"modified":"2025-11-18T08:02:35","modified_gmt":"2025-11-18T08:02:35","slug":"yellow-expo-days-2024","status":"publish","type":"post","link":"https:\/\/www.opera-access.it\/es\/yellow-expo-days-2024\/","title":{"rendered":"D\u00edas de la Expo Amarilla 2024"},"content":{"rendered":"<div data-elementor-type=\"wp-post\" data-elementor-id=\"611\" class=\"elementor elementor-611\" data-elementor-post-type=\"post\">\n\t\t\t\t<div class=\"elementor-element elementor-element-37a9badc e-flex e-con-boxed e-con e-parent\" data-id=\"37a9badc\" data-element_type=\"container\">\n\t\t\t\t\t<div class=\"e-con-inner\">\n\t\t\t\t<div class=\"elementor-element elementor-element-93c99e6 elementor-widget elementor-widget-text-editor\" data-id=\"93c99e6\" data-element_type=\"widget\" data-widget_type=\"text-editor.default\">\n\t\t\t\t<div class=\"elementor-widget-container\">\n\t\t\t<style>\/*! elementor - v3.21.0 - 26-05-2024 *\/\n.elementor-widget-text-editor.elementor-drop-cap-view-stacked .elementor-drop-cap{background-color:#69727d;color:#fff}.elementor-widget-text-editor.elementor-drop-cap-view-framed .elementor-drop-cap{color:#69727d;border:3px solid;background-color:transparent}.elementor-widget-text-editor:not(.elementor-drop-cap-view-default) .elementor-drop-cap{margin-top:8px}.elementor-widget-text-editor:not(.elementor-drop-cap-view-default) .elementor-drop-cap-letter{width:1em;height:1em}.elementor-widget-text-editor .elementor-drop-cap{float:left;text-align:center;line-height:1;font-size:50px}.elementor-widget-text-editor .elementor-drop-cap-letter{display:inline-block}<\/style>\t\t\t\t<p>Del 11 al 13 de abril en la Feria de Vicenza - Pabell\u00f3n 7.<\/p>\t\t\t\t\t\t<\/div>\n\t\t\t\t<\/div>\n\t\t\t\t<div class=\"elementor-element elementor-element-6c0e5f9a elementor-widget elementor-widget-text-editor\" data-id=\"6c0e5f9a\" data-element_type=\"widget\" data-widget_type=\"text-editor.default\">\n\t\t\t\t<div class=\"elementor-widget-container\">\n\t\t\t\t\t\t\t<p>YED, acr\u00f3nimo de Yellow Expo Days, es la feria bienal de los profesionales de los cerramientos. El evento se ha convertido en un punto de referencia que representa a todo el sector de los herrajes y accesorios para ventanas y puertas, sistemas de sombreado, protecci\u00f3n y seguridad, envolventes de edificios y sombreado en la escena nacional.<\/p><p>Los montadores, instaladores, distribuidores, constructores, arquitectos y dise\u00f1adores pueden relacionarse con los agentes del mercado abarcando toda la cadena de producci\u00f3n en un \u00fanico contexto, desde las herramientas de transformaci\u00f3n de los cerramientos hasta los productos acabados m\u00e1s innovadores, mediante la aportaci\u00f3n de herrajes, componentes, tecnolog\u00eda, accesorios y productos de fijaci\u00f3n y seguridad.<\/p>\t\t\t\t\t\t<\/div>\n\t\t\t\t<\/div>\n\t\t\t\t\t<\/div>\n\t\t\t\t<\/div>\n\t\t\t\t<\/div>","protected":false},"excerpt":{"rendered":"<p>Esperamos verle en la feria YED.<br \/>\nDel 11 al 13 de abril, de 9.00 a 17.30 h.<\/p>","protected":false},"author":1,"featured_media":614,"comment_status":"closed","ping_status":"open","sticky":false,"template":"","format":"standard","meta":{"_acf_changed":false,"inline_featured_image":false,"footnotes":""},"categories":[6],"tags":[],"class_list":["post-611","post","type-post","status-publish","format-standard","has-post-thumbnail","hentry","category-eventi-e-fiere"],"acf":[],"aioseo_notices":[],"_links":{"self":[{"href":"https:\/\/www.opera-access.it\/es\/wp-json\/wp\/v2\/posts\/611","targetHints":{"allow":["GET"]}}],"collection":[{"href":"https:\/\/www.opera-access.it\/es\/wp-json\/wp\/v2\/posts"}],"about":[{"href":"https:\/\/www.opera-access.it\/es\/wp-json\/wp\/v2\/types\/post"}],"author":[{"embeddable":true,"href":"https:\/\/www.opera-access.it\/es\/wp-json\/wp\/v2\/users\/1"}],"replies":[{"embeddable":true,"href":"https:\/\/www.opera-access.it\/es\/wp-json\/wp\/v2\/comments?post=611"}],"version-history":[{"count":4,"href":"https:\/\/www.opera-access.it\/es\/wp-json\/wp\/v2\/posts\/611\/revisions"}],"predecessor-version":[{"id":617,"href":"https:\/\/www.opera-access.it\/es\/wp-json\/wp\/v2\/posts\/611\/revisions\/617"}],"wp:featuredmedia":[{"embeddable":true,"href":"https:\/\/www.opera-access.it\/es\/wp-json\/wp\/v2\/media\/614"}],"wp:attachment":[{"href":"https:\/\/www.opera-access.it\/es\/wp-json\/wp\/v2\/media?parent=611"}],"wp:term":[{"taxonomy":"category","embeddable":true,"href":"https:\/\/www.opera-access.it\/es\/wp-json\/wp\/v2\/categories?post=611"},{"taxonomy":"post_tag","embeddable":true,"href":"https:\/\/www.opera-access.it\/es\/wp-json\/wp\/v2\/tags?post=611"}],"curies":[{"name":"wp","href":"https:\/\/api.w.org\/{rel}","templated":true}]}}